{"id":191,"date":"2021-06-26T05:04:38","date_gmt":"2021-06-26T05:04:38","guid":{"rendered":"https:\/\/kainasto.fi\/wp-ylistaro\/?p=191"},"modified":"2024-03-18T09:04:55","modified_gmt":"2024-03-18T09:04:55","slug":"valokuituyhteydet","status":"publish","type":"post","link":"https:\/\/kainasto.fi\/wp-ylistaro\/2021\/06\/26\/valokuituyhteydet\/","title":{"rendered":"Valokuituyhteydet"},"content":{"rendered":"\r\n<p>Haluatko toimintavarman internetyhteyden kotiin, yritykselle?<\/p>\r\n\r\n\r\n\r\n<p>Internet-yhteyksien tarve on kasvanut n\u00e4in\u00e4 p\u00e4ivin\u00e4 erityisesti et\u00e4opetuksen ja et\u00e4ty\u00f6skentelyn lis\u00e4\u00e4ntyess\u00e4. Samoin kasvussa oleva suoratoistopalveluiden k\u00e4ytt\u00f6 sek\u00e4 tulevaisuudessa televisiokuvan siirto tietoliikenneyhteyksi\u00e4 pitkin tulee kasvattamaan yhteyksien siirtokykytarvetta.<\/p>\r\n\r\n\r\n\r\n<p>Mobiiliverkko antaa viel\u00e4 t\u00e4ll\u00e4 hetkell\u00e4 alueesta riippuen kohtuullisen kattavuuden, mutta k\u00e4yt\u00f6n lis\u00e4\u00e4ntyess\u00e4 samaa kokonaiskapasiteettia jaetaan kaikkien k\u00e4ytt\u00e4jien kesken. T\u00e4m\u00e4 tulee aiheuttamaan omaan k\u00e4ytt\u00f6\u00f6n saatavan yhteyden heikkenemist\u00e4 ja palvelutarjonnan rajoittumista.<\/p>\r\n\r\n\r\n\r\n<p>Valokuituyhteyden etuna on verkon tasainen ja jatkuva yhteystaso. Esimerkiksi 100 Mbit\/s yhteys tuo jatkuvasti k\u00e4ytt\u00e4j\u00e4lle sen nopeuden, joka ei ole riippuvainen hetkellisist\u00e4 k\u00e4ytt\u00e4j\u00e4m\u00e4\u00e4r\u00e4n kasvuista tai s\u00e4\u00e4olosuhteista. Valokuidun kapasiteettia voidaan laajentaa k\u00e4ytt\u00e4j\u00e4n tarpeiden mukaan.<\/p>\r\n\r\n\r\n\r\n<p>Alueellamme toimiva Leader-ryhm\u00e4 Liiveri on saanut ELY-keskukselta tukea valokuituyhteyksien suunnittelemiseksi maaseutualueille. Mahdolliseen valokuituverkon rakentamiseen on my\u00f6s tarjolla EU-rahoitusta huomattava osuus.<\/p>\r\n\r\n\r\n\r\n<p><strong>Selvit\u00e4mme Ylistaron kylien asukkailta kiinnostusta valokuituyhteyksiin<\/strong>. T\u00e4m\u00e4 kysely <strong>ei ole sitova<\/strong> vaan haemme t\u00e4ll\u00e4 <strong>kiinnostuksen laajuutta<\/strong> koko Ylistaron alueelle varsinaisen suunnittelun pohjaksi. Kiinnostuksen kattavuuden perusteella harkitaan valokuituyhteyden rakentamista eri kylien kautta. Kylill\u00e4 voidaan tarvittaessa j\u00e4rjest\u00e4\u00e4 Liiverin valokuituasiantuntijan esittelytilaisuuksia.<\/p>\r\n\r\n\r\n\r\n<p>Suunnittelupohjana valokuituverkkoon liittymisen hintahaarukka on <strong>1200-1500\u20ac<\/strong> ja se voidaan maksaa useammassa maksuer\u00e4ss\u00e4. Yhteyden k\u00e4ytt\u00f6\u00f6noton j\u00e4lkeen arvioidaan kuukausittainen k\u00e4ytt\u00f6maksu \u00a0hintahaarukkaan <strong>30-35 \u20ac\/kk<\/strong>. Riitt\u00e4v\u00e4n kiinnostuksen l\u00f6ytyess\u00e4 selvitet\u00e4\u00e4n toteuttamisvaihtoehtoja avoimen verkon periaatteella. Varsinaista selvitysty\u00f6t\u00e4 varten perustetaan oma erillinen kehitt\u00e4mishanke.<\/p>\r\n\r\n\r\n\r\n<p><strong>Pyyd\u00e4mme vastauksia ensi tilassa. Kysely on edelleen avoinna ja oman kiinnostuksen kannattaa laittaa t\u00e4nne.<\/strong><\/p>\r\n\r\n\r\n\r\n<p>Esikyselyn kokoaa kehitt\u00e4mishanke \u201d<em>Ylistaron kyl\u00e4t \u2013 el\u00e4m\u00e4\u00e4 ja toimintaa kehittyv\u00e4ll\u00e4 maaseudulla<\/em>\u201d. Projektip\u00e4\u00e4llikk\u00f6 Merja Niemist\u00f6 puh 044 9741530, email: <a href=\"mailto:nskainasto@gmail.com\">nskainasto@gmail.com<\/a><\/p>\r\n\r\n\r\n\r\n<p><a href=\"https:\/\/forms.gle\/rGhfRa9VCaJmxo878\">Valokuitukyselyyn t\u00e4st\u00e4<\/a><\/p>\r\n","protected":false},"excerpt":{"rendered":"<p>Haluatko toimintavarman internetyhteyden kotiin, yritykselle? Internet-yhteyksien tarve on kasvanut n\u00e4in\u00e4 p\u00e4ivin\u00e4 erityisesti et\u00e4opetuksen ja et\u00e4ty\u00f6skentelyn lis\u00e4\u00e4ntyess\u00e4. Samoin kasvussa oleva suoratoistopalveluiden k\u00e4ytt\u00f6 sek\u00e4 tulevaisuudessa televisiokuvan siirto tietoliikenneyhteyksi\u00e4 pitkin tulee kasvattamaan yhteyksien siirtokykytarvetta. Mobiiliverkko antaa viel\u00e4 t\u00e4ll\u00e4 hetkell\u00e4 alueesta riippuen kohtuullisen kattavuuden, mutta k\u00e4yt\u00f6n lis\u00e4\u00e4ntyess\u00e4 samaa kokonaiskapasiteettia jaetaan kaikkien k\u00e4ytt\u00e4jien kesken. T\u00e4m\u00e4<\/p>\n","protected":false},"author":1,"featured_media":0,"comment_status":"closed","ping_status":"closed","sticky":false,"template":"","format":"standard","meta":{"footnotes":""},"categories":[1],"tags":[6,5,7],"class_list":["post-191","post","type-post","status-publish","format-standard","hentry","category-uncategorized","tag-laajakaista","tag-valokuitu","tag-ylistaro",""],"_links":{"self":[{"href":"https:\/\/kainasto.fi\/wp-ylistaro\/wp-json\/wp\/v2\/posts\/191","targetHints":{"allow":["GET"]}}],"collection":[{"href":"https:\/\/kainasto.fi\/wp-ylistaro\/wp-json\/wp\/v2\/posts"}],"about":[{"href":"https:\/\/kainasto.fi\/wp-ylistaro\/wp-json\/wp\/v2\/types\/post"}],"author":[{"embeddable":true,"href":"https:\/\/kainasto.fi\/wp-ylistaro\/wp-json\/wp\/v2\/users\/1"}],"replies":[{"embeddable":true,"href":"https:\/\/kainasto.fi\/wp-ylistaro\/wp-json\/wp\/v2\/comments?post=191"}],"version-history":[{"count":7,"href":"https:\/\/kainasto.fi\/wp-ylistaro\/wp-json\/wp\/v2\/posts\/191\/revisions"}],"predecessor-version":[{"id":251,"href":"https:\/\/kainasto.fi\/wp-ylistaro\/wp-json\/wp\/v2\/posts\/191\/revisions\/251"}],"wp:attachment":[{"href":"https:\/\/kainasto.fi\/wp-ylistaro\/wp-json\/wp\/v2\/media?parent=191"}],"wp:term":[{"taxonomy":"category","embeddable":true,"href":"https:\/\/kainasto.fi\/wp-ylistaro\/wp-json\/wp\/v2\/categories?post=191"},{"taxonomy":"post_tag","embeddable":true,"href":"https:\/\/kainasto.fi\/wp-ylistaro\/wp-json\/wp\/v2\/tags?post=191"}],"curies":[{"name":"wp","href":"https:\/\/api.w.org\/{rel}","templated":true}]}}